{"id":18070,"date":"2026-04-09T13:33:23","date_gmt":"2026-04-09T11:33:23","guid":{"rendered":"https:\/\/www.taeeuropa.eu\/?p=18070"},"modified":"2026-04-14T11:13:35","modified_gmt":"2026-04-14T09:13:35","slug":"ma-agroalimentario","status":"publish","type":"post","link":"https:\/\/www.taeeuropa.eu\/ca\/ma-agroalimentario\/","title":{"rendered":"M&amp;A Agroalimentari \u2013 Conclusions 2025 &amp; tend\u00e8ncies 2026"},"content":{"rendered":"<div data-elementor-type=\"wp-post\" data-elementor-id=\"18070\" class=\"elementor elementor-18070\">\n\t\t\t\t<div class=\"elementor-element elementor-element-19c1de87 e-con-full e-flex e-con e-parent\" data-id=\"19c1de87\" data-element_type=\"container\" data-e-type=\"container\">\n\t\t\t\t<div class=\"elementor-element elementor-element-1a762098 elementor-widget elementor-widget-text-editor\" data-id=\"1a762098\" data-element_type=\"widget\" data-e-type=\"widget\" data-widget_type=\"text-editor.default\">\n\t\t\t\t<div class=\"elementor-widget-container\">\n\t\t\t\t\t\t\t\t\t<p class=\"translation-block\"><strong>L'any 2025 ha estat, per al sector agroalimentari europeu, un exercici de transici\u00f3 i clarificaci\u00f3. <\/strong>Despr\u00e9s de diversos anys marcats per inflaci\u00f3, tensi\u00f3 en costos i canvis en els h\u00e0bits de consum, el mercat comen\u00e7a a mostrar patrons molt m\u00e9s definits sobre quins tipus d'empreses generen inter\u00e8s real per part d'inversors i grups industrials.<\/p><p class=\"translation-block\">Tres fonts estan empenyent el mercat: <strong>Fons de private equity <\/strong>amb dry powder que necessiten invertir,<strong> grups industrials  <\/strong>que no poden cr\u00e9ixer nom\u00e9s de manera org\u00e0nica, i  <strong>Family offices <\/strong> buscant refugi en actius reals, defensius i lligats a consum b\u00e0sic.<\/p><p class=\"translation-block\">El que estem veient \u00e9s un proc\u00e9s de selecci\u00f3 natural. El capital continua actiu, per\u00f2 es dirigeix de forma cada vegada m\u00e9s precisa cap a companyies amb posicionament estrat\u00e8gic, capacitat de diferenciaci\u00f3 i potencial de creixement estructural.  <strong>No hi ha falta de diners, hi ha falta d'actius veritablement atractius. I aix\u00f2 ha generat aquesta pressi\u00f3 selectiva: els compradors ja no paguen m\u00faltiples per \u201cgrand\u00e0ria\u201d, sin\u00f3 per posici\u00f3 estrat\u00e8gica.<\/strong><\/p><p><strong>\u00a0<\/strong><\/p><h3><strong>Segments i oportunitats clau<\/strong><\/h3><p class=\"translation-block\">Existeixen alguns segments dins del sector agroalimentari per als quals s'estan pagant primes especials, com pot ser el segment dels<strong> ingredients funcionals i t\u00e8cnics.<\/strong> Aquestes empreses compten amb una alta depend\u00e8ncia t\u00e8cnica per part dels seus clients, la qual cosa els dona major poder en la fixaci\u00f3 de preus i genera majors barreres de sortida. Per aix\u00f2, les operacions en aquest segment es poden continuar tancant a m\u00faltiples de doble d\u00edgit, en funci\u00f3 del subsector on operin.<\/p><p class=\"translation-block\">D'altra banda, ens trobem tamb\u00e9 amb el segment <strong>Ready-to-eat i solucions de conveni\u00e8ncia, <\/strong>que segueix les bones tend\u00e8ncies de creixement que ha mantingut en els \u00faltims anys. Aix\u00f2 ve donat pel canvi estructural en el consum que estem vivint: Menys temps, menys cuina, m\u00e9s solucions llestes per a menjar. Les plataformes de plats preparats, prote\u00efnes cuinades i solucions refrigerades estan rebent un inter\u00e8s enorme, especialment si tenen una marca pr\u00f2pia o contractes recurrents amb clients, aix\u00ed com una tecnologia productiva diferencial. En aquests casos, no es compra nom\u00e9s un actiu productiu, sin\u00f3 que es compra un tiquet d'entrada a una categoria en creixement.<\/p><p class=\"translation-block\">Finalment, estem veient especial inter\u00e8s en la <strong>distribuci\u00f3 especialitzada.<\/strong> Aqu\u00ed no parlem de distribu\u00efdors generalistes, sin\u00f3 de foodservice especialitzat, horeca premium i retail especialitzat (bio, gurmet, \u00e8tnic, funcional). Aquestes plataformes s\u00f3n m\u00e9s valuoses en controlar l'acc\u00e9s al client final. Per aix\u00f2, els grans grups estan comprant distribu\u00efdors com a manera d'integrar el mercat aig\u00fces avall.<\/p><p>\u00a0<\/p><h3><strong>Relleu generacional<\/strong><\/h3><p class=\"translation-block\">L'altra gran for\u00e7a del mercat \u00e9s el relleu generacional. Aqu\u00ed est\u00e0 la veritable ona que ve. A Espanya, Fran\u00e7a, It\u00e0lia i Portugal hi ha milers de <strong>pimes agroaliment\u00e0ries amb marques fortes, f\u00e0briques rendibles i relacions comercials s\u00f2lides \u2026per\u00f2 sense successi\u00f3 real. <\/strong>Durant 2025 ja ho hem vist: molts propietaris han passat de \u201cno em venc\u201d a \u201cpotser hauria d'escoltar\u201d. I en 2026 aix\u00f2 s'accelerar\u00e0.<\/p><p>No es tracta d'oportunisme financer, sin\u00f3 d'una realitat demogr\u00e0fica: fundadors de 60\u201375 anys, fills que no volen o no poden continuar, empreses massa grans per a tancar, per\u00f2 massa petites per a professionalitzar-se soles. Aix\u00f2 generar\u00e0 una allau d'oportunitats, per\u00f2 tamb\u00e9 una selecci\u00f3 brutal: les empreses ben preparades es vendran b\u00e9, les que esperin massa ho faran pitjor.<\/p><p>\u00a0<\/p><h3><strong>Tend\u00e8ncies per a 2026<\/strong><\/h3><p class=\"translation-block\">De cara a 2026, nuestra previsi\u00f3n es clara: El dinero seguir\u00e1 ah\u00ed. Los compradores seguir\u00e1n activos, pero la brecha entre buenos y malos activos ser\u00e1 mayor. Veremos <strong>m\u00e1s competitividad en los procesos, m\u00e1s estructuras h\u00edbridas<\/strong> (<strong>earn-outs, minor\u00edas, reinversi\u00f3n del vendedor) y m\u00e1s foco en calidad del EBITDA, no tanto en volumen.<\/strong><\/p><p>El sector agroalimentari est\u00e0 entrant en una nova fase. No \u00e9s un mercat en crisi, \u00e9s un mercat que ha madurat. La gran pregunta ja no \u00e9s tant si hi haur\u00e0 operacions. La pregunta \u00e9s qui estar\u00e0 preparat per a aprofitar-les.<\/p><p>\u00a0<\/p><h3><strong>Conclusions<\/strong><\/h3><p><strong>La professionalitzaci\u00f3 del M&amp;A en el sector ja no \u00e9s opcional: qui no arribi amb n\u00fameros clars, relat estrat\u00e8gic i estructura adequada, quedar\u00e0 fora del radar dels grans compradors.<\/strong><\/p><p class=\"translation-block\"><strong>Des de TAE Europa, som conscients de la particularitat i import\u00e0ncia del sector agroalimentari en tota la seva cadena de valor, i acompanyem als nostres clients en cada transacci\u00f3.<\/strong> Es tracta de processos \u00fanics per a l'empresari\/\u00e0ria amb un impacte directe en molts agents (empleats, clients, prove\u00efdors\u2026), per la qual cosa \u00e9s necessari anticipar-se i preparar-se de la m\u00e0 d'assessors especialitzats. No sols per a maximitzar la rendibilitat, sin\u00f3 per a optimitzar el temps i l'energia que tamb\u00e9 comporta i que pot ser una arma de doble tall si no es realitza correctament. Durant aquest proc\u00e9s, la companyia no ha de perdre valor i, per a aix\u00f2, l'empresari\/\u00e0ria ha d'estar enfocat en el que sap fer, gestionar el seu negoci.<\/p>\t\t\t\t\t\t\t\t<\/div>\n\t\t\t\t<\/div>\n\t\t\t\t<\/div>\n\t\t\t\t<\/div>","protected":false},"excerpt":{"rendered":"<p>El a\u00f1o 2025 ha sido, para el sector agroalimentario europeo, un ejercicio de transici\u00f3n y clarificaci\u00f3n. Tras varios a\u00f1os marcados por inflaci\u00f3n, tensi\u00f3n en costes y cambios en los h\u00e1bitos de consumo, el mercado empieza a mostrar patrones mucho m\u00e1s definidos sobre qu\u00e9 tipos de empresas generan inter\u00e9s real por parte de inversores y grupos&hellip;&nbsp;<a href=\"https:\/\/www.taeeuropa.eu\/ca\/ma-agroalimentario\/\" rel=\"bookmark\">Llegiu m\u00e9s &raquo;<span class=\"screen-reader-text\">M&amp;A Agroalimentari \u2013 Conclusions 2025 &amp; tend\u00e8ncies 2026<\/span><\/a><\/p>","protected":false},"author":3,"featured_media":18081,"comment_status":"closed","ping_status":"closed","sticky":false,"template":"","format":"standard","meta":{"om_disable_all_campaigns":false,"_monsterinsights_skip_tracking":false,"_monsterinsights_sitenote_active":false,"_monsterinsights_sitenote_note":"","_monsterinsights_sitenote_category":0,"neve_meta_sidebar":"","neve_meta_container":"","neve_meta_enable_content_width":"","neve_meta_content_width":0,"neve_meta_title_alignment":"","neve_meta_author_avatar":"","neve_post_elements_order":"","neve_meta_disable_header":"","neve_meta_disable_footer":"","neve_meta_disable_title":"","footnotes":""},"categories":[108],"tags":[],"class_list":["post-18070","post","type-post","status-publish","format-standard","has-post-thumbnail","hentry","category-ma"],"yoast_head":"<!-- This site is optimized with the Yoast SEO plugin v27.4 - https:\/\/yoast.com\/product\/yoast-seo-wordpress\/ -->\n<title>M&amp;A Agroalimentario | TAE Europa<\/title>\n<meta name=\"description\" content=\"M&amp;A Agroalimentario: inversi\u00f3n activa, relevo generacional y oportunidades clave en segmentos con alto crecimiento y valor estrat\u00e9gico.\" \/>\n<meta name=\"robots\" content=\"index, follow, max-snippet:-1, max-image-preview:large, max-video-preview:-1\" \/>\n<link rel=\"canonical\" href=\"https:\/\/www.taeeuropa.eu\/ca\/ma-agroalimentario\/\" \/>\n<meta property=\"og:locale\" content=\"ca_ES\" \/>\n<meta property=\"og:type\" content=\"article\" \/>\n<meta property=\"og:title\" content=\"M&amp;A Agroalimentario | TAE Europa\" \/>\n<meta property=\"og:description\" content=\"M&amp;A Agroalimentario: inversi\u00f3n activa, relevo generacional y oportunidades clave en segmentos con alto crecimiento y valor estrat\u00e9gico.\" \/>\n<meta property=\"og:url\" content=\"https:\/\/www.taeeuropa.eu\/ca\/ma-agroalimentario\/\" \/>\n<meta property=\"og:site_name\" content=\"TAE Europa\" \/>\n<meta property=\"article:published_time\" content=\"2026-04-09T11:33:23+00:00\" \/>\n<meta property=\"article:modified_time\" content=\"2026-04-14T09:13:35+00:00\" \/>\n<meta property=\"og:image\" content=\"https:\/\/www.taeeuropa.eu\/wp-content\/uploads\/large-green-rice-field-with-green-rice-plants-rows-scaled.jpg\" \/>\n\t<meta property=\"og:image:width\" content=\"2560\" \/>\n\t<meta property=\"og:image:height\" content=\"1624\" \/>\n\t<meta property=\"og:image:type\" content=\"image\/jpeg\" \/>\n<meta name=\"author\" content=\"TAEEUROPA\" \/>\n<meta name=\"twitter:card\" content=\"summary_large_image\" \/>\n<meta name=\"twitter:label1\" content=\"Escrit per\" \/>\n\t<meta name=\"twitter:data1\" content=\"TAEEUROPA\" \/>\n\t<meta name=\"twitter:label2\" content=\"Temps estimat de lectura\" \/>\n\t<meta name=\"twitter:data2\" content=\"4 minuts\" \/>\n<script type=\"application\/ld+json\" class=\"yoast-schema-graph\">{\"@context\":\"https:\\\/\\\/schema.org\",\"@graph\":[{\"@type\":\"Article\",\"@id\":\"https:\\\/\\\/www.taeeuropa.eu\\\/ma-agroalimentario\\\/#article\",\"isPartOf\":{\"@id\":\"https:\\\/\\\/www.taeeuropa.eu\\\/ma-agroalimentario\\\/\"},\"author\":{\"name\":\"TAEEUROPA\",\"@id\":\"https:\\\/\\\/www.taeeuropa.eu\\\/#\\\/schema\\\/person\\\/d0e8cf476fa12bc1b06cfe860027b3e7\"},\"headline\":\"M&#038;A Agroalimentario \u2013 Conclusiones 2025 &#038; tendencias 2026\",\"datePublished\":\"2026-04-09T11:33:23+00:00\",\"dateModified\":\"2026-04-14T09:13:35+00:00\",\"mainEntityOfPage\":{\"@id\":\"https:\\\/\\\/www.taeeuropa.eu\\\/ma-agroalimentario\\\/\"},\"wordCount\":844,\"publisher\":{\"@id\":\"https:\\\/\\\/www.taeeuropa.eu\\\/#organization\"},\"image\":{\"@id\":\"https:\\\/\\\/www.taeeuropa.eu\\\/ma-agroalimentario\\\/#primaryimage\"},\"thumbnailUrl\":\"https:\\\/\\\/www.taeeuropa.eu\\\/wp-content\\\/uploads\\\/large-green-rice-field-with-green-rice-plants-rows-scaled.jpg\",\"articleSection\":[\"M&amp;A\"],\"inLanguage\":\"ca\"},{\"@type\":\"WebPage\",\"@id\":\"https:\\\/\\\/www.taeeuropa.eu\\\/ma-agroalimentario\\\/\",\"url\":\"https:\\\/\\\/www.taeeuropa.eu\\\/ma-agroalimentario\\\/\",\"name\":\"M&A Agroalimentario | TAE Europa\",\"isPartOf\":{\"@id\":\"https:\\\/\\\/www.taeeuropa.eu\\\/#website\"},\"primaryImageOfPage\":{\"@id\":\"https:\\\/\\\/www.taeeuropa.eu\\\/ma-agroalimentario\\\/#primaryimage\"},\"image\":{\"@id\":\"https:\\\/\\\/www.taeeuropa.eu\\\/ma-agroalimentario\\\/#primaryimage\"},\"thumbnailUrl\":\"https:\\\/\\\/www.taeeuropa.eu\\\/wp-content\\\/uploads\\\/large-green-rice-field-with-green-rice-plants-rows-scaled.jpg\",\"datePublished\":\"2026-04-09T11:33:23+00:00\",\"dateModified\":\"2026-04-14T09:13:35+00:00\",\"description\":\"M&A Agroalimentario: inversi\u00f3n activa, relevo generacional y oportunidades clave en segmentos con alto crecimiento y valor estrat\u00e9gico.\",\"breadcrumb\":{\"@id\":\"https:\\\/\\\/www.taeeuropa.eu\\\/ma-agroalimentario\\\/#breadcrumb\"},\"inLanguage\":\"ca\",\"potentialAction\":[{\"@type\":\"ReadAction\",\"target\":[\"https:\\\/\\\/www.taeeuropa.eu\\\/ma-agroalimentario\\\/\"]}]},{\"@type\":\"ImageObject\",\"inLanguage\":\"ca\",\"@id\":\"https:\\\/\\\/www.taeeuropa.eu\\\/ma-agroalimentario\\\/#primaryimage\",\"url\":\"https:\\\/\\\/www.taeeuropa.eu\\\/wp-content\\\/uploads\\\/large-green-rice-field-with-green-rice-plants-rows-scaled.jpg\",\"contentUrl\":\"https:\\\/\\\/www.taeeuropa.eu\\\/wp-content\\\/uploads\\\/large-green-rice-field-with-green-rice-plants-rows-scaled.jpg\",\"width\":2560,\"height\":1624,\"caption\":\"M&A Agroalimentario \u2013 Conclusiones 2025 & tendencias 2026\"},{\"@type\":\"BreadcrumbList\",\"@id\":\"https:\\\/\\\/www.taeeuropa.eu\\\/ma-agroalimentario\\\/#breadcrumb\",\"itemListElement\":[{\"@type\":\"ListItem\",\"position\":1,\"name\":\"Portada\",\"item\":\"https:\\\/\\\/www.taeeuropa.eu\\\/\"},{\"@type\":\"ListItem\",\"position\":2,\"name\":\"M&#038;A Agroalimentario \u2013 Conclusiones 2025 &#038; tendencias 2026\"}]},{\"@type\":\"WebSite\",\"@id\":\"https:\\\/\\\/www.taeeuropa.eu\\\/#website\",\"url\":\"https:\\\/\\\/www.taeeuropa.eu\\\/\",\"name\":\"TAE Europa\",\"description\":\"Fusiones y Adquisiciones | Sector agroalimentario\",\"publisher\":{\"@id\":\"https:\\\/\\\/www.taeeuropa.eu\\\/#organization\"},\"potentialAction\":[{\"@type\":\"SearchAction\",\"target\":{\"@type\":\"EntryPoint\",\"urlTemplate\":\"https:\\\/\\\/www.taeeuropa.eu\\\/?s={search_term_string}\"},\"query-input\":{\"@type\":\"PropertyValueSpecification\",\"valueRequired\":true,\"valueName\":\"search_term_string\"}}],\"inLanguage\":\"ca\"},{\"@type\":\"Organization\",\"@id\":\"https:\\\/\\\/www.taeeuropa.eu\\\/#organization\",\"name\":\"TAE Europa\",\"url\":\"https:\\\/\\\/www.taeeuropa.eu\\\/\",\"logo\":{\"@type\":\"ImageObject\",\"inLanguage\":\"ca\",\"@id\":\"https:\\\/\\\/www.taeeuropa.eu\\\/#\\\/schema\\\/logo\\\/image\\\/\",\"url\":\"https:\\\/\\\/www.taeeuropa.eu\\\/wp-content\\\/uploads\\\/Logo-fondo-blanco-1.jpg\",\"contentUrl\":\"https:\\\/\\\/www.taeeuropa.eu\\\/wp-content\\\/uploads\\\/Logo-fondo-blanco-1.jpg\",\"width\":460,\"height\":460,\"caption\":\"TAE Europa\"},\"image\":{\"@id\":\"https:\\\/\\\/www.taeeuropa.eu\\\/#\\\/schema\\\/logo\\\/image\\\/\"},\"sameAs\":[\"https:\\\/\\\/www.linkedin.com\\\/company\\\/taeeuropa\\\/\"]},{\"@type\":\"Person\",\"@id\":\"https:\\\/\\\/www.taeeuropa.eu\\\/#\\\/schema\\\/person\\\/d0e8cf476fa12bc1b06cfe860027b3e7\",\"name\":\"TAEEUROPA\",\"url\":\"https:\\\/\\\/www.taeeuropa.eu\\\/ca\\\/author\\\/taeeuropa\\\/\"}]}<\/script>\n<!-- \/ Yoast SEO plugin. -->","yoast_head_json":{"title":"M&A Agroalimentario | TAE Europa","description":"M&A Agroalimentario: inversi\u00f3n activa, relevo generacional y oportunidades clave en segmentos con alto crecimiento y valor estrat\u00e9gico.","robots":{"index":"index","follow":"follow","max-snippet":"max-snippet:-1","max-image-preview":"max-image-preview:large","max-video-preview":"max-video-preview:-1"},"canonical":"https:\/\/www.taeeuropa.eu\/ca\/ma-agroalimentario\/","og_locale":"ca_ES","og_type":"article","og_title":"M&A Agroalimentario | TAE Europa","og_description":"M&A Agroalimentario: inversi\u00f3n activa, relevo generacional y oportunidades clave en segmentos con alto crecimiento y valor estrat\u00e9gico.","og_url":"https:\/\/www.taeeuropa.eu\/ca\/ma-agroalimentario\/","og_site_name":"TAE Europa","article_published_time":"2026-04-09T11:33:23+00:00","article_modified_time":"2026-04-14T09:13:35+00:00","og_image":[{"width":2560,"height":1624,"url":"https:\/\/www.taeeuropa.eu\/wp-content\/uploads\/large-green-rice-field-with-green-rice-plants-rows-scaled.jpg","type":"image\/jpeg"}],"author":"TAEEUROPA","twitter_card":"summary_large_image","twitter_misc":{"Escrit per":"TAEEUROPA","Temps estimat de lectura":"4 minuts"},"schema":{"@context":"https:\/\/schema.org","@graph":[{"@type":"Article","@id":"https:\/\/www.taeeuropa.eu\/ma-agroalimentario\/#article","isPartOf":{"@id":"https:\/\/www.taeeuropa.eu\/ma-agroalimentario\/"},"author":{"name":"TAEEUROPA","@id":"https:\/\/www.taeeuropa.eu\/#\/schema\/person\/d0e8cf476fa12bc1b06cfe860027b3e7"},"headline":"M&#038;A Agroalimentario \u2013 Conclusiones 2025 &#038; tendencias 2026","datePublished":"2026-04-09T11:33:23+00:00","dateModified":"2026-04-14T09:13:35+00:00","mainEntityOfPage":{"@id":"https:\/\/www.taeeuropa.eu\/ma-agroalimentario\/"},"wordCount":844,"publisher":{"@id":"https:\/\/www.taeeuropa.eu\/#organization"},"image":{"@id":"https:\/\/www.taeeuropa.eu\/ma-agroalimentario\/#primaryimage"},"thumbnailUrl":"https:\/\/www.taeeuropa.eu\/wp-content\/uploads\/large-green-rice-field-with-green-rice-plants-rows-scaled.jpg","articleSection":["M&amp;A"],"inLanguage":"ca"},{"@type":"WebPage","@id":"https:\/\/www.taeeuropa.eu\/ma-agroalimentario\/","url":"https:\/\/www.taeeuropa.eu\/ma-agroalimentario\/","name":"M&A Agroalimentario | TAE Europa","isPartOf":{"@id":"https:\/\/www.taeeuropa.eu\/#website"},"primaryImageOfPage":{"@id":"https:\/\/www.taeeuropa.eu\/ma-agroalimentario\/#primaryimage"},"image":{"@id":"https:\/\/www.taeeuropa.eu\/ma-agroalimentario\/#primaryimage"},"thumbnailUrl":"https:\/\/www.taeeuropa.eu\/wp-content\/uploads\/large-green-rice-field-with-green-rice-plants-rows-scaled.jpg","datePublished":"2026-04-09T11:33:23+00:00","dateModified":"2026-04-14T09:13:35+00:00","description":"M&A Agroalimentario: inversi\u00f3n activa, relevo generacional y oportunidades clave en segmentos con alto crecimiento y valor estrat\u00e9gico.","breadcrumb":{"@id":"https:\/\/www.taeeuropa.eu\/ma-agroalimentario\/#breadcrumb"},"inLanguage":"ca","potentialAction":[{"@type":"ReadAction","target":["https:\/\/www.taeeuropa.eu\/ma-agroalimentario\/"]}]},{"@type":"ImageObject","inLanguage":"ca","@id":"https:\/\/www.taeeuropa.eu\/ma-agroalimentario\/#primaryimage","url":"https:\/\/www.taeeuropa.eu\/wp-content\/uploads\/large-green-rice-field-with-green-rice-plants-rows-scaled.jpg","contentUrl":"https:\/\/www.taeeuropa.eu\/wp-content\/uploads\/large-green-rice-field-with-green-rice-plants-rows-scaled.jpg","width":2560,"height":1624,"caption":"M&A Agroalimentario \u2013 Conclusiones 2025 & tendencias 2026"},{"@type":"BreadcrumbList","@id":"https:\/\/www.taeeuropa.eu\/ma-agroalimentario\/#breadcrumb","itemListElement":[{"@type":"ListItem","position":1,"name":"Portada","item":"https:\/\/www.taeeuropa.eu\/"},{"@type":"ListItem","position":2,"name":"M&#038;A Agroalimentario \u2013 Conclusiones 2025 &#038; tendencias 2026"}]},{"@type":"WebSite","@id":"https:\/\/www.taeeuropa.eu\/#website","url":"https:\/\/www.taeeuropa.eu\/","name":"TAE Europa","description":"Fusiones y Adquisiciones | Sector agroalimentario","publisher":{"@id":"https:\/\/www.taeeuropa.eu\/#organization"},"potentialAction":[{"@type":"SearchAction","target":{"@type":"EntryPoint","urlTemplate":"https:\/\/www.taeeuropa.eu\/?s={search_term_string}"},"query-input":{"@type":"PropertyValueSpecification","valueRequired":true,"valueName":"search_term_string"}}],"inLanguage":"ca"},{"@type":"Organization","@id":"https:\/\/www.taeeuropa.eu\/#organization","name":"TAE Europa","url":"https:\/\/www.taeeuropa.eu\/","logo":{"@type":"ImageObject","inLanguage":"ca","@id":"https:\/\/www.taeeuropa.eu\/#\/schema\/logo\/image\/","url":"https:\/\/www.taeeuropa.eu\/wp-content\/uploads\/Logo-fondo-blanco-1.jpg","contentUrl":"https:\/\/www.taeeuropa.eu\/wp-content\/uploads\/Logo-fondo-blanco-1.jpg","width":460,"height":460,"caption":"TAE Europa"},"image":{"@id":"https:\/\/www.taeeuropa.eu\/#\/schema\/logo\/image\/"},"sameAs":["https:\/\/www.linkedin.com\/company\/taeeuropa\/"]},{"@type":"Person","@id":"https:\/\/www.taeeuropa.eu\/#\/schema\/person\/d0e8cf476fa12bc1b06cfe860027b3e7","name":"TAEEUROPA","url":"https:\/\/www.taeeuropa.eu\/ca\/author\/taeeuropa\/"}]}},"_links":{"self":[{"href":"https:\/\/www.taeeuropa.eu\/ca\/wp-json\/wp\/v2\/posts\/18070","targetHints":{"allow":["GET"]}}],"collection":[{"href":"https:\/\/www.taeeuropa.eu\/ca\/wp-json\/wp\/v2\/posts"}],"about":[{"href":"https:\/\/www.taeeuropa.eu\/ca\/wp-json\/wp\/v2\/types\/post"}],"author":[{"embeddable":true,"href":"https:\/\/www.taeeuropa.eu\/ca\/wp-json\/wp\/v2\/users\/3"}],"replies":[{"embeddable":true,"href":"https:\/\/www.taeeuropa.eu\/ca\/wp-json\/wp\/v2\/comments?post=18070"}],"version-history":[{"count":13,"href":"https:\/\/www.taeeuropa.eu\/ca\/wp-json\/wp\/v2\/posts\/18070\/revisions"}],"predecessor-version":[{"id":18084,"href":"https:\/\/www.taeeuropa.eu\/ca\/wp-json\/wp\/v2\/posts\/18070\/revisions\/18084"}],"wp:featuredmedia":[{"embeddable":true,"href":"https:\/\/www.taeeuropa.eu\/ca\/wp-json\/wp\/v2\/media\/18081"}],"wp:attachment":[{"href":"https:\/\/www.taeeuropa.eu\/ca\/wp-json\/wp\/v2\/media?parent=18070"}],"wp:term":[{"taxonomy":"category","embeddable":true,"href":"https:\/\/www.taeeuropa.eu\/ca\/wp-json\/wp\/v2\/categories?post=18070"},{"taxonomy":"post_tag","embeddable":true,"href":"https:\/\/www.taeeuropa.eu\/ca\/wp-json\/wp\/v2\/tags?post=18070"}],"curies":[{"name":"wp","href":"https:\/\/api.w.org\/{rel}","templated":true}]}}