{"id":18070,"date":"2026-04-09T13:33:23","date_gmt":"2026-04-09T11:33:23","guid":{"rendered":"https:\/\/www.taeeuropa.eu\/?p=18070"},"modified":"2026-04-14T11:13:35","modified_gmt":"2026-04-14T09:13:35","slug":"ma-agroalimentario","status":"publish","type":"post","link":"https:\/\/www.taeeuropa.eu\/pt\/ma-agroalimentario\/","title":{"rendered":"M&amp;A Agroalimentar \u2013 Conclus\u00f5es 2025 &amp; Tend\u00eancias 2026"},"content":{"rendered":"<div data-elementor-type=\"wp-post\" data-elementor-id=\"18070\" class=\"elementor elementor-18070\">\n\t\t\t\t<div class=\"elementor-element elementor-element-19c1de87 e-con-full e-flex e-con e-parent\" data-id=\"19c1de87\" data-element_type=\"container\" data-e-type=\"container\">\n\t\t\t\t<div class=\"elementor-element elementor-element-1a762098 elementor-widget elementor-widget-text-editor\" data-id=\"1a762098\" data-element_type=\"widget\" data-e-type=\"widget\" data-widget_type=\"text-editor.default\">\n\t\t\t\t<div class=\"elementor-widget-container\">\n\t\t\t\t\t\t\t\t\t<p class=\"translation-block\"><strong>O ano de 2025 foi, para o setor agroalimentar europeu, um exerc\u00edcio de transi\u00e7\u00e3o e clarifica\u00e7\u00e3o.  <\/strong>Depois de v\u00e1rios anos marcados pela infla\u00e7\u00e3o, tens\u00e3o nos custos e mudan\u00e7as nos h\u00e1bitos de consumo, o mercado come\u00e7a a apresentar padr\u00f5es muito mais definidos sobre que tipos de empresas geram interesse real por parte de investidores e grupos industriais.<\/p><p class=\"translation-block\">Tr\u00eas fontes est\u00e3o a impulsionar o mercado: <strong>Fundos de private equity  <\/strong>com dry powder que necessitam de investir, <strong>grupos industriais <\/strong> que n\u00e3o conseguem crescer apenas de forma org\u00e2nica, e <strong>Family offices <\/strong> \u00e0 procura de ref\u00fagio em ativos reais, defensivos e ligados ao consumo b\u00e1sico.<\/p><p class=\"translation-block\">O que estamos a ver \u00e9 um processo de sele\u00e7\u00e3o natural. O capital continua ativo, mas dirige-se de forma cada vez mais precisa para empresas com posicionamento estrat\u00e9gico, capacidade de diferencia\u00e7\u00e3o e potencial de crescimento estrutural. <strong>N\u00e3o h\u00e1 falta de dinheiro, h\u00e1 falta de ativos verdadeiramente atraentes. E isso gerou esta press\u00e3o de sele\u00e7\u00e3o: os compradores j\u00e1 n\u00e3o pagam m\u00faltiplos por \u201ctamanho\u201d, mas pela posi\u00e7\u00e3o estrat\u00e9gica.<\/strong><\/p><p><strong>\u00a0<\/strong><\/p><h3><strong>Segmentos e oportunidades-chave<\/strong><\/h3><p class=\"translation-block\">Existem alguns segmentos dentro do setor agroalimentar para os quais se est\u00e3o a pagar primas especiais, como pode ser o segmento dos <strong>ingredientes funcionais e t\u00e9cnicos. <\/strong>Estas empresas recorrem a uma elevada depend\u00eancia t\u00e9cnica por parte dos seus clientes, o que lhes confere maior poder na defini\u00e7\u00e3o de pre\u00e7os e gera maiores barreiras \u00e0 sa\u00edda. Por isso, as opera\u00e7\u00f5es neste segmento podem continuar a fechar a m\u00faltiplos de d\u00edgito duplo, consoante o subsector em que atuem.<\/p><p class=\"translation-block\">Por outro lado, encontramos tamb\u00e9m o segmento  <strong>Ready-to-eat e solu\u00e7\u00f5es de conveni\u00eancia<\/strong>, que acompanha as boas tend\u00eancias de crescimento que tem vindo a manter nos \u00faltimos anos. Isto deve-se \u00e0 mudan\u00e7a estrutural no consumo que estamos a vivenciar: Menos tempo, menos cozinha, mais solu\u00e7\u00f5es j\u00e1 feitas para comer. As plataformas de pratos preparados, prote\u00ednas cozinhadas e solu\u00e7\u00f5es refrigeradas est\u00e3o a receber um interesse enorme, especialmente se tiverem uma marca pr\u00f3pria ou contratos recorrentes com clientes, bem como uma tecnologia produtiva diferencial. Nestes casos, n\u00e3o se compra apenas um ativo produtivo, mas sim um bilhete de entrada para uma categoria em crescimento.<\/p><p class=\"translation-block\">Por fim, estamos a ver um interesse especial na <strong>distribui\u00e7\u00e3o especializada.<\/strong> Aqui n\u00e3o falamos de distribuidores generalistas, mas de foodservice especializado, horeca premium e retalho especializado (bio, gourmet, \u00e9tnico, funcional). Estas plataformas s\u00e3o mais valiosas por controlar o acesso ao cliente final. Por isso, os grandes grupos est\u00e3o a comprar distribuidores como forma de integrar o mercado a jusante.<\/p><p>\u00a0<\/p><h3><strong>Relevo geracional<\/strong><\/h3><p class=\"translation-block\">A outra grande for\u00e7a do mercado \u00e9 o relevo geracional. Aqui est\u00e1 a verdadeira onda que vem a\u00ed. Em Espanha, Fran\u00e7a, It\u00e1lia e Portugal existem milhares de <strong>PME agroalimentares com marcas fortes, f\u00e1bricas rent\u00e1veis e rela\u00e7\u00f5es comerciais s\u00f3lidas \u2026mas sem sucess\u00e3o real. <\/strong>Durante 2025 j\u00e1 o vimos: muitos propriet\u00e1rios passaram de \u201cn\u00e3o me vendo\u201d a \u201ctalvez devesse ouvir\u201d. E em 2026 isto vai acelerar.<\/p><p>N\u00e3o se trata de oportunismo financeiro, mas de uma realidade demogr\u00e1fica: fundadores de 60\u201375 anos, filhos que n\u00e3o querem ou n\u00e3o podem continuar, empresas demasiado grandes para fechar, mas demasiado pequenas para se profissionalizarem sozinhas. Isto criar\u00e1 uma avalanche de oportunidades, mas tamb\u00e9m uma sele\u00e7\u00e3o brutal: as empresas bem preparadas vender-se-\u00e3o bem, as que esperarem demasiado ir\u00e3o pior.<\/p><p>\u00a0<\/p><h3><strong>Tend\u00eancias para 2026<\/strong><\/h3><p class=\"translation-block\">De cara a 2026, nuestra previsi\u00f3n es clara: El dinero seguir\u00e1 ah\u00ed. Los compradores seguir\u00e1n activos, pero la brecha entre buenos y malos activos ser\u00e1 mayor. Veremos <strong>m\u00e1s competitividad en los procesos, m\u00e1s estructuras h\u00edbridas<\/strong> (<strong>earn-outs, minor\u00edas, reinversi\u00f3n del vendedor) y m\u00e1s foco en calidad del EBITDA, no tanto en volumen.<\/strong><\/p><p>O setor agroalimentar est\u00e1 a entrar numa nova fase. N\u00e3o \u00e9 um mercado em crise, \u00e9 um mercado que amadureceu. A grande pergunta j\u00e1 n\u00e3o \u00e9 tanto se haver\u00e1 opera\u00e7\u00f5es. A pergunta \u00e9 quem estar\u00e1 preparado para as aproveitar.<\/p><p>\u00a0<\/p><h3><strong>Conclus\u00f5es<\/strong><\/h3><p><strong>A profissionaliza\u00e7\u00e3o do M&amp;A no setor j\u00e1 n\u00e3o \u00e9 opcional: quem n\u00e3o chegar com n\u00fameros claros, relato estrat\u00e9gico e estrutura adequada ficar\u00e1 fora do radar dos grandes compradores.<\/strong><\/p><p class=\"translation-block\"><strong>Da TAE Europa, somos conscientes da particularidade e import\u00e2ncia do setor agroalimentar em toda a sua cadeia de valor, e acompanhamos os nossos clientes em cada transa\u00e7\u00e3o. <\/strong>Trata-se de processos \u00fanicos para o empres\u00e1rio\/a com um impacto direto em muitos intervenientes (empregados, clientes, fornecedores\u2026), pelo que \u00e9 necess\u00e1rio antecipar-se e preparar-se de m\u00e3os dadas com consultores especializados. N\u00e3o apenas para maximizar a rentabilidade, mas para otimizar o tempo e a energia que tamb\u00e9m acarreta, e que pode ser uma espada de dois gumes se n\u00e3o for realizado correctamente. Durante este processo, a empresa n\u00e3o deve perder valor e, para isso, o empres\u00e1rio\/a deve estar focado no que sabe fazer: gerir o seu neg\u00f3cio.<\/p>\t\t\t\t\t\t\t\t<\/div>\n\t\t\t\t<\/div>\n\t\t\t\t<\/div>\n\t\t\t\t<\/div>","protected":false},"excerpt":{"rendered":"<p>El a\u00f1o 2025 ha sido, para el sector agroalimentario europeo, un ejercicio de transici\u00f3n y clarificaci\u00f3n. Tras varios a\u00f1os marcados por inflaci\u00f3n, tensi\u00f3n en costes y cambios en los h\u00e1bitos de consumo, el mercado empieza a mostrar patrones mucho m\u00e1s definidos sobre qu\u00e9 tipos de empresas generan inter\u00e9s real por parte de inversores y grupos&hellip;&nbsp;<a href=\"https:\/\/www.taeeuropa.eu\/pt\/ma-agroalimentario\/\" rel=\"bookmark\">Ler mais \"<span class=\"screen-reader-text\">M&amp;A Agroalimentar \u2013 Conclus\u00f5es 2025 &amp; Tend\u00eancias 2026<\/span><\/a><\/p>","protected":false},"author":3,"featured_media":18081,"comment_status":"closed","ping_status":"closed","sticky":false,"template":"","format":"standard","meta":{"om_disable_all_campaigns":false,"_monsterinsights_skip_tracking":false,"_monsterinsights_sitenote_active":false,"_monsterinsights_sitenote_note":"","_monsterinsights_sitenote_category":0,"neve_meta_sidebar":"","neve_meta_container":"","neve_meta_enable_content_width":"","neve_meta_content_width":0,"neve_meta_title_alignment":"","neve_meta_author_avatar":"","neve_post_elements_order":"","neve_meta_disable_header":"","neve_meta_disable_footer":"","neve_meta_disable_title":"","footnotes":""},"categories":[108],"tags":[],"class_list":["post-18070","post","type-post","status-publish","format-standard","has-post-thumbnail","hentry","category-ma"],"yoast_head":"<!-- This site is optimized with the Yoast SEO plugin v27.4 - https:\/\/yoast.com\/product\/yoast-seo-wordpress\/ -->\n<title>M&amp;A Agroalimentario | TAE Europa<\/title>\n<meta name=\"description\" content=\"M&amp;A Agroalimentario: inversi\u00f3n activa, relevo generacional y oportunidades clave en segmentos con alto crecimiento y valor estrat\u00e9gico.\" \/>\n<meta name=\"robots\" content=\"index, follow, max-snippet:-1, max-image-preview:large, max-video-preview:-1\" \/>\n<link rel=\"canonical\" href=\"https:\/\/www.taeeuropa.eu\/pt\/ma-agroalimentario\/\" \/>\n<meta property=\"og:locale\" content=\"pt_PT\" \/>\n<meta property=\"og:type\" content=\"article\" \/>\n<meta property=\"og:title\" content=\"M&amp;A Agroalimentario | TAE Europa\" \/>\n<meta property=\"og:description\" content=\"M&amp;A Agroalimentario: inversi\u00f3n activa, relevo generacional y oportunidades clave en segmentos con alto crecimiento y valor estrat\u00e9gico.\" \/>\n<meta property=\"og:url\" content=\"https:\/\/www.taeeuropa.eu\/pt\/ma-agroalimentario\/\" \/>\n<meta property=\"og:site_name\" content=\"TAE Europa\" \/>\n<meta property=\"article:published_time\" content=\"2026-04-09T11:33:23+00:00\" \/>\n<meta property=\"article:modified_time\" content=\"2026-04-14T09:13:35+00:00\" \/>\n<meta property=\"og:image\" content=\"https:\/\/www.taeeuropa.eu\/wp-content\/uploads\/large-green-rice-field-with-green-rice-plants-rows-scaled.jpg\" \/>\n\t<meta property=\"og:image:width\" content=\"2560\" \/>\n\t<meta property=\"og:image:height\" content=\"1624\" \/>\n\t<meta property=\"og:image:type\" content=\"image\/jpeg\" \/>\n<meta name=\"author\" content=\"TAEEUROPA\" \/>\n<meta name=\"twitter:card\" content=\"summary_large_image\" \/>\n<meta name=\"twitter:label1\" content=\"Escrito por\" \/>\n\t<meta name=\"twitter:data1\" content=\"TAEEUROPA\" \/>\n\t<meta name=\"twitter:label2\" content=\"Tempo estimado de leitura\" \/>\n\t<meta name=\"twitter:data2\" content=\"4 minutos\" \/>\n<script type=\"application\/ld+json\" class=\"yoast-schema-graph\">{\"@context\":\"https:\\\/\\\/schema.org\",\"@graph\":[{\"@type\":\"Article\",\"@id\":\"https:\\\/\\\/www.taeeuropa.eu\\\/ma-agroalimentario\\\/#article\",\"isPartOf\":{\"@id\":\"https:\\\/\\\/www.taeeuropa.eu\\\/ma-agroalimentario\\\/\"},\"author\":{\"name\":\"TAEEUROPA\",\"@id\":\"https:\\\/\\\/www.taeeuropa.eu\\\/#\\\/schema\\\/person\\\/d0e8cf476fa12bc1b06cfe860027b3e7\"},\"headline\":\"M&#038;A Agroalimentario \u2013 Conclusiones 2025 &#038; tendencias 2026\",\"datePublished\":\"2026-04-09T11:33:23+00:00\",\"dateModified\":\"2026-04-14T09:13:35+00:00\",\"mainEntityOfPage\":{\"@id\":\"https:\\\/\\\/www.taeeuropa.eu\\\/ma-agroalimentario\\\/\"},\"wordCount\":844,\"publisher\":{\"@id\":\"https:\\\/\\\/www.taeeuropa.eu\\\/#organization\"},\"image\":{\"@id\":\"https:\\\/\\\/www.taeeuropa.eu\\\/ma-agroalimentario\\\/#primaryimage\"},\"thumbnailUrl\":\"https:\\\/\\\/www.taeeuropa.eu\\\/wp-content\\\/uploads\\\/large-green-rice-field-with-green-rice-plants-rows-scaled.jpg\",\"articleSection\":[\"M&amp;A\"],\"inLanguage\":\"pt-PT\"},{\"@type\":\"WebPage\",\"@id\":\"https:\\\/\\\/www.taeeuropa.eu\\\/ma-agroalimentario\\\/\",\"url\":\"https:\\\/\\\/www.taeeuropa.eu\\\/ma-agroalimentario\\\/\",\"name\":\"M&A Agroalimentario | TAE Europa\",\"isPartOf\":{\"@id\":\"https:\\\/\\\/www.taeeuropa.eu\\\/#website\"},\"primaryImageOfPage\":{\"@id\":\"https:\\\/\\\/www.taeeuropa.eu\\\/ma-agroalimentario\\\/#primaryimage\"},\"image\":{\"@id\":\"https:\\\/\\\/www.taeeuropa.eu\\\/ma-agroalimentario\\\/#primaryimage\"},\"thumbnailUrl\":\"https:\\\/\\\/www.taeeuropa.eu\\\/wp-content\\\/uploads\\\/large-green-rice-field-with-green-rice-plants-rows-scaled.jpg\",\"datePublished\":\"2026-04-09T11:33:23+00:00\",\"dateModified\":\"2026-04-14T09:13:35+00:00\",\"description\":\"M&A Agroalimentario: inversi\u00f3n activa, relevo generacional y oportunidades clave en segmentos con alto crecimiento y valor estrat\u00e9gico.\",\"breadcrumb\":{\"@id\":\"https:\\\/\\\/www.taeeuropa.eu\\\/ma-agroalimentario\\\/#breadcrumb\"},\"inLanguage\":\"pt-PT\",\"potentialAction\":[{\"@type\":\"ReadAction\",\"target\":[\"https:\\\/\\\/www.taeeuropa.eu\\\/ma-agroalimentario\\\/\"]}]},{\"@type\":\"ImageObject\",\"inLanguage\":\"pt-PT\",\"@id\":\"https:\\\/\\\/www.taeeuropa.eu\\\/ma-agroalimentario\\\/#primaryimage\",\"url\":\"https:\\\/\\\/www.taeeuropa.eu\\\/wp-content\\\/uploads\\\/large-green-rice-field-with-green-rice-plants-rows-scaled.jpg\",\"contentUrl\":\"https:\\\/\\\/www.taeeuropa.eu\\\/wp-content\\\/uploads\\\/large-green-rice-field-with-green-rice-plants-rows-scaled.jpg\",\"width\":2560,\"height\":1624,\"caption\":\"M&A Agroalimentario \u2013 Conclusiones 2025 & tendencias 2026\"},{\"@type\":\"BreadcrumbList\",\"@id\":\"https:\\\/\\\/www.taeeuropa.eu\\\/ma-agroalimentario\\\/#breadcrumb\",\"itemListElement\":[{\"@type\":\"ListItem\",\"position\":1,\"name\":\"Portada\",\"item\":\"https:\\\/\\\/www.taeeuropa.eu\\\/\"},{\"@type\":\"ListItem\",\"position\":2,\"name\":\"M&#038;A Agroalimentario \u2013 Conclusiones 2025 &#038; tendencias 2026\"}]},{\"@type\":\"WebSite\",\"@id\":\"https:\\\/\\\/www.taeeuropa.eu\\\/#website\",\"url\":\"https:\\\/\\\/www.taeeuropa.eu\\\/\",\"name\":\"TAE Europa\",\"description\":\"Fusiones y Adquisiciones | Sector agroalimentario\",\"publisher\":{\"@id\":\"https:\\\/\\\/www.taeeuropa.eu\\\/#organization\"},\"potentialAction\":[{\"@type\":\"SearchAction\",\"target\":{\"@type\":\"EntryPoint\",\"urlTemplate\":\"https:\\\/\\\/www.taeeuropa.eu\\\/?s={search_term_string}\"},\"query-input\":{\"@type\":\"PropertyValueSpecification\",\"valueRequired\":true,\"valueName\":\"search_term_string\"}}],\"inLanguage\":\"pt-PT\"},{\"@type\":\"Organization\",\"@id\":\"https:\\\/\\\/www.taeeuropa.eu\\\/#organization\",\"name\":\"TAE Europa\",\"url\":\"https:\\\/\\\/www.taeeuropa.eu\\\/\",\"logo\":{\"@type\":\"ImageObject\",\"inLanguage\":\"pt-PT\",\"@id\":\"https:\\\/\\\/www.taeeuropa.eu\\\/#\\\/schema\\\/logo\\\/image\\\/\",\"url\":\"https:\\\/\\\/www.taeeuropa.eu\\\/wp-content\\\/uploads\\\/Logo-fondo-blanco-1.jpg\",\"contentUrl\":\"https:\\\/\\\/www.taeeuropa.eu\\\/wp-content\\\/uploads\\\/Logo-fondo-blanco-1.jpg\",\"width\":460,\"height\":460,\"caption\":\"TAE Europa\"},\"image\":{\"@id\":\"https:\\\/\\\/www.taeeuropa.eu\\\/#\\\/schema\\\/logo\\\/image\\\/\"},\"sameAs\":[\"https:\\\/\\\/www.linkedin.com\\\/company\\\/taeeuropa\\\/\"]},{\"@type\":\"Person\",\"@id\":\"https:\\\/\\\/www.taeeuropa.eu\\\/#\\\/schema\\\/person\\\/d0e8cf476fa12bc1b06cfe860027b3e7\",\"name\":\"TAEEUROPA\",\"url\":\"https:\\\/\\\/www.taeeuropa.eu\\\/pt\\\/author\\\/taeeuropa\\\/\"}]}<\/script>\n<!-- \/ Yoast SEO plugin. -->","yoast_head_json":{"title":"M&A Agroalimentario | TAE Europa","description":"M&A Agroalimentario: inversi\u00f3n activa, relevo generacional y oportunidades clave en segmentos con alto crecimiento y valor estrat\u00e9gico.","robots":{"index":"index","follow":"follow","max-snippet":"max-snippet:-1","max-image-preview":"max-image-preview:large","max-video-preview":"max-video-preview:-1"},"canonical":"https:\/\/www.taeeuropa.eu\/pt\/ma-agroalimentario\/","og_locale":"pt_PT","og_type":"article","og_title":"M&A Agroalimentario | TAE Europa","og_description":"M&A Agroalimentario: inversi\u00f3n activa, relevo generacional y oportunidades clave en segmentos con alto crecimiento y valor estrat\u00e9gico.","og_url":"https:\/\/www.taeeuropa.eu\/pt\/ma-agroalimentario\/","og_site_name":"TAE Europa","article_published_time":"2026-04-09T11:33:23+00:00","article_modified_time":"2026-04-14T09:13:35+00:00","og_image":[{"width":2560,"height":1624,"url":"https:\/\/www.taeeuropa.eu\/wp-content\/uploads\/large-green-rice-field-with-green-rice-plants-rows-scaled.jpg","type":"image\/jpeg"}],"author":"TAEEUROPA","twitter_card":"summary_large_image","twitter_misc":{"Escrito por":"TAEEUROPA","Tempo estimado de leitura":"4 minutos"},"schema":{"@context":"https:\/\/schema.org","@graph":[{"@type":"Article","@id":"https:\/\/www.taeeuropa.eu\/ma-agroalimentario\/#article","isPartOf":{"@id":"https:\/\/www.taeeuropa.eu\/ma-agroalimentario\/"},"author":{"name":"TAEEUROPA","@id":"https:\/\/www.taeeuropa.eu\/#\/schema\/person\/d0e8cf476fa12bc1b06cfe860027b3e7"},"headline":"M&#038;A Agroalimentario \u2013 Conclusiones 2025 &#038; tendencias 2026","datePublished":"2026-04-09T11:33:23+00:00","dateModified":"2026-04-14T09:13:35+00:00","mainEntityOfPage":{"@id":"https:\/\/www.taeeuropa.eu\/ma-agroalimentario\/"},"wordCount":844,"publisher":{"@id":"https:\/\/www.taeeuropa.eu\/#organization"},"image":{"@id":"https:\/\/www.taeeuropa.eu\/ma-agroalimentario\/#primaryimage"},"thumbnailUrl":"https:\/\/www.taeeuropa.eu\/wp-content\/uploads\/large-green-rice-field-with-green-rice-plants-rows-scaled.jpg","articleSection":["M&amp;A"],"inLanguage":"pt-PT"},{"@type":"WebPage","@id":"https:\/\/www.taeeuropa.eu\/ma-agroalimentario\/","url":"https:\/\/www.taeeuropa.eu\/ma-agroalimentario\/","name":"M&A Agroalimentario | TAE Europa","isPartOf":{"@id":"https:\/\/www.taeeuropa.eu\/#website"},"primaryImageOfPage":{"@id":"https:\/\/www.taeeuropa.eu\/ma-agroalimentario\/#primaryimage"},"image":{"@id":"https:\/\/www.taeeuropa.eu\/ma-agroalimentario\/#primaryimage"},"thumbnailUrl":"https:\/\/www.taeeuropa.eu\/wp-content\/uploads\/large-green-rice-field-with-green-rice-plants-rows-scaled.jpg","datePublished":"2026-04-09T11:33:23+00:00","dateModified":"2026-04-14T09:13:35+00:00","description":"M&A Agroalimentario: inversi\u00f3n activa, relevo generacional y oportunidades clave en segmentos con alto crecimiento y valor estrat\u00e9gico.","breadcrumb":{"@id":"https:\/\/www.taeeuropa.eu\/ma-agroalimentario\/#breadcrumb"},"inLanguage":"pt-PT","potentialAction":[{"@type":"ReadAction","target":["https:\/\/www.taeeuropa.eu\/ma-agroalimentario\/"]}]},{"@type":"ImageObject","inLanguage":"pt-PT","@id":"https:\/\/www.taeeuropa.eu\/ma-agroalimentario\/#primaryimage","url":"https:\/\/www.taeeuropa.eu\/wp-content\/uploads\/large-green-rice-field-with-green-rice-plants-rows-scaled.jpg","contentUrl":"https:\/\/www.taeeuropa.eu\/wp-content\/uploads\/large-green-rice-field-with-green-rice-plants-rows-scaled.jpg","width":2560,"height":1624,"caption":"M&A Agroalimentario \u2013 Conclusiones 2025 & tendencias 2026"},{"@type":"BreadcrumbList","@id":"https:\/\/www.taeeuropa.eu\/ma-agroalimentario\/#breadcrumb","itemListElement":[{"@type":"ListItem","position":1,"name":"Portada","item":"https:\/\/www.taeeuropa.eu\/"},{"@type":"ListItem","position":2,"name":"M&#038;A Agroalimentario \u2013 Conclusiones 2025 &#038; tendencias 2026"}]},{"@type":"WebSite","@id":"https:\/\/www.taeeuropa.eu\/#website","url":"https:\/\/www.taeeuropa.eu\/","name":"TAE Europa","description":"Fusiones y Adquisiciones | Sector agroalimentario","publisher":{"@id":"https:\/\/www.taeeuropa.eu\/#organization"},"potentialAction":[{"@type":"SearchAction","target":{"@type":"EntryPoint","urlTemplate":"https:\/\/www.taeeuropa.eu\/?s={search_term_string}"},"query-input":{"@type":"PropertyValueSpecification","valueRequired":true,"valueName":"search_term_string"}}],"inLanguage":"pt-PT"},{"@type":"Organization","@id":"https:\/\/www.taeeuropa.eu\/#organization","name":"TAE Europa","url":"https:\/\/www.taeeuropa.eu\/","logo":{"@type":"ImageObject","inLanguage":"pt-PT","@id":"https:\/\/www.taeeuropa.eu\/#\/schema\/logo\/image\/","url":"https:\/\/www.taeeuropa.eu\/wp-content\/uploads\/Logo-fondo-blanco-1.jpg","contentUrl":"https:\/\/www.taeeuropa.eu\/wp-content\/uploads\/Logo-fondo-blanco-1.jpg","width":460,"height":460,"caption":"TAE Europa"},"image":{"@id":"https:\/\/www.taeeuropa.eu\/#\/schema\/logo\/image\/"},"sameAs":["https:\/\/www.linkedin.com\/company\/taeeuropa\/"]},{"@type":"Person","@id":"https:\/\/www.taeeuropa.eu\/#\/schema\/person\/d0e8cf476fa12bc1b06cfe860027b3e7","name":"TAEEUROPA","url":"https:\/\/www.taeeuropa.eu\/pt\/author\/taeeuropa\/"}]}},"_links":{"self":[{"href":"https:\/\/www.taeeuropa.eu\/pt\/wp-json\/wp\/v2\/posts\/18070","targetHints":{"allow":["GET"]}}],"collection":[{"href":"https:\/\/www.taeeuropa.eu\/pt\/wp-json\/wp\/v2\/posts"}],"about":[{"href":"https:\/\/www.taeeuropa.eu\/pt\/wp-json\/wp\/v2\/types\/post"}],"author":[{"embeddable":true,"href":"https:\/\/www.taeeuropa.eu\/pt\/wp-json\/wp\/v2\/users\/3"}],"replies":[{"embeddable":true,"href":"https:\/\/www.taeeuropa.eu\/pt\/wp-json\/wp\/v2\/comments?post=18070"}],"version-history":[{"count":13,"href":"https:\/\/www.taeeuropa.eu\/pt\/wp-json\/wp\/v2\/posts\/18070\/revisions"}],"predecessor-version":[{"id":18084,"href":"https:\/\/www.taeeuropa.eu\/pt\/wp-json\/wp\/v2\/posts\/18070\/revisions\/18084"}],"wp:featuredmedia":[{"embeddable":true,"href":"https:\/\/www.taeeuropa.eu\/pt\/wp-json\/wp\/v2\/media\/18081"}],"wp:attachment":[{"href":"https:\/\/www.taeeuropa.eu\/pt\/wp-json\/wp\/v2\/media?parent=18070"}],"wp:term":[{"taxonomy":"category","embeddable":true,"href":"https:\/\/www.taeeuropa.eu\/pt\/wp-json\/wp\/v2\/categories?post=18070"},{"taxonomy":"post_tag","embeddable":true,"href":"https:\/\/www.taeeuropa.eu\/pt\/wp-json\/wp\/v2\/tags?post=18070"}],"curies":[{"name":"wp","href":"https:\/\/api.w.org\/{rel}","templated":true}]}}